{"id":92,"date":"2017-04-07T18:59:43","date_gmt":"2017-04-07T16:59:43","guid":{"rendered":"http:\/\/dpsf35-asso.fr\/?p=92"},"modified":"2020-08-28T15:48:40","modified_gmt":"2020-08-28T13:48:40","slug":"reunion-publique-plui-du-6-avril-2017-a-pace","status":"publish","type":"post","link":"https:\/\/dpsf35-asso.fr\/index.php\/2017\/04\/07\/reunion-publique-plui-du-6-avril-2017-a-pace\/","title":{"rendered":"R\u00e9union publique PLUi du 6 avril 2017 \u00e0 Pac\u00e9"},"content":{"rendered":"<p>L&rsquo;association DPSF \u00e9tait pr\u00e9sente hier soir, jeudi 6 avril 2017, \u00e0 la r\u00e9union publique de pr\u00e9sentation des orientations du PLUi (Plan Local d&rsquo;Urbanisme Intercommunal) de la commune de Pac\u00e9. Des nouvelles zones d&rsquo;am\u00e9nagement d&rsquo;habitation ont \u00e9t\u00e9 pr\u00e9vues sur la partie Ouest de Pac\u00e9, dans les zones de Launay Morin et Champagne, qui viennent s\u2019ajouter \u00e0 la Clais, d\u00e9j\u00e0 pr\u00e9vue. De plus, une zone d\u2019activit\u00e9 de 6 ha est pr\u00e9vue dans la zone Pie Neuve \u2013 La Janais, en compl\u00e9ment de la zone d\u2019activit\u00e9 d\u00e9j\u00e0 pr\u00e9vue sur Pie Neuve \u2013 Dr L\u00e9on (2 ha). Ces terrains bordent la D287 apr\u00e8s la sortie RN12 pont de Pac\u00e9 vers Pac\u00e9.<\/p>\n<p>Ces nouvelles zones d\u2019habitation et d\u2019activit\u00e9 d\u00e9montrent bien la densification urbaine pr\u00e9vue d\u2019ici 2035 sur la commune de Pac\u00e9 \u00e0 proximit\u00e9 imm\u00e9diate des sites de la Fouaye et la Haie. De plus, la commune de Saint Gilles souhaite continuer son d\u00e9veloppement urbain c\u00f4t\u00e9 Est jusqu&rsquo;\u00e0 la Fouaye. Tout cela renforce clairement le fait qu\u2019un projet de carri\u00e8re aussi proche serait un non-sens si nous souhaitons continuer \u00e0 dynamiser les liens entre nos deux communes et conserver notre cadre de vie actuel tr\u00e8s attractif.<\/p>\n<p>Le maire de Pac\u00e9, Mr Kerdraon, nous a confirm\u00e9 hier soir que les terrains convoit\u00e9s par Lafarge pour l&rsquo;exploitation de la carri\u00e8re de sable sont toujours class\u00e9s en zone Agricole dans la version actuelle du PLUi et donc non exploitables pour ce type d&rsquo;activit\u00e9s mini\u00e8res. N\u00e9anmoins, la version finale du PLUi est pr\u00e9vue pour 2019 et nous restons donc extr\u00eamement vigilants sur les \u00e9volutions \u00e9ventuelles du PLUi. D&rsquo;autres r\u00e9unions concernant la r\u00e9daction du PLUi dans les communes de Pac\u00e9 et Saint Gilles sont pr\u00e9vues jusque fin 2017. Nous serons pr\u00e9sents \u00e0 ces r\u00e9unions et attentifs.<\/p>\n","protected":false},"excerpt":{"rendered":"<p>L&rsquo;association DPSF \u00e9tait pr\u00e9sente hier soir, jeudi 6 avril 2017, \u00e0 la r\u00e9union publique de pr\u00e9sentation des orientations du PLUi (Plan Local d&rsquo;Urbanisme Intercommunal) de la commune de Pac\u00e9. Des nouvelles zones d&rsquo;am\u00e9nagement d&rsquo;habitation ont \u00e9t\u00e9 pr\u00e9vues sur la partie Ouest de Pac\u00e9, dans les zones de Launay Morin et Champagne, qui viennent s\u2019ajouter \u00e0 &hellip; <a href=\"https:\/\/dpsf35-asso.fr\/index.php\/2017\/04\/07\/reunion-publique-plui-du-6-avril-2017-a-pace\/\" class=\"more-link\">Continuer la lecture de <span class=\"screen-reader-text\">R\u00e9union publique PLUi du 6 avril 2017 \u00e0 Pac\u00e9<\/span>  <span class=\"meta-nav\">&rarr;<\/span><\/a><\/p>\n","protected":false},"author":1,"featured_media":0,"comment_status":"closed","ping_status":"closed","sticky":false,"template":"","format":"standard","meta":[],"categories":[5],"tags":[],"_links":{"self":[{"href":"https:\/\/dpsf35-asso.fr\/index.php\/wp-json\/wp\/v2\/posts\/92"}],"collection":[{"href":"https:\/\/dpsf35-asso.fr\/index.php\/wp-json\/wp\/v2\/posts"}],"about":[{"href":"https:\/\/dpsf35-asso.fr\/index.php\/wp-json\/wp\/v2\/types\/post"}],"author":[{"embeddable":true,"href":"https:\/\/dpsf35-asso.fr\/index.php\/wp-json\/wp\/v2\/users\/1"}],"replies":[{"embeddable":true,"href":"https:\/\/dpsf35-asso.fr\/index.php\/wp-json\/wp\/v2\/comments?post=92"}],"version-history":[{"count":2,"href":"https:\/\/dpsf35-asso.fr\/index.php\/wp-json\/wp\/v2\/posts\/92\/revisions"}],"predecessor-version":[{"id":94,"href":"https:\/\/dpsf35-asso.fr\/index.php\/wp-json\/wp\/v2\/posts\/92\/revisions\/94"}],"wp:attachment":[{"href":"https:\/\/dpsf35-asso.fr\/index.php\/wp-json\/wp\/v2\/media?parent=92"}],"wp:term":[{"taxonomy":"category","embeddable":true,"href":"https:\/\/dpsf35-asso.fr\/index.php\/wp-json\/wp\/v2\/categories?post=92"},{"taxonomy":"post_tag","embeddable":true,"href":"https:\/\/dpsf35-asso.fr\/index.php\/wp-json\/wp\/v2\/tags?post=92"}],"curies":[{"name":"wp","href":"https:\/\/api.w.org\/{rel}","templated":true}]}}