{"id":209,"date":"2019-11-05T17:47:24","date_gmt":"2019-11-05T16:47:24","guid":{"rendered":"http:\/\/dpsf35-asso.fr\/?p=209"},"modified":"2020-08-28T15:48:39","modified_gmt":"2020-08-28T13:48:39","slug":"enquete-publique-pour-le-schema-regional-des-carrieres","status":"publish","type":"post","link":"https:\/\/dpsf35-asso.fr\/index.php\/2019\/11\/05\/enquete-publique-pour-le-schema-regional-des-carrieres\/","title":{"rendered":"Enqu\u00eate publique pour le Sch\u00e9ma R\u00e9gional des Carri\u00e8res"},"content":{"rendered":"\n<p> L\u2019enqu\u00eate publique concernant le Sch\u00e9ma R\u00e9gional des Carri\u00e8res (SRC) est en cours, et durera jusqu\u2019au 20 novembre 2019.<\/p>\n\n\n\n<p>Le SRC est un document d&rsquo;importance capitale pour toute implantation de carri\u00e8re. Par cons\u00e9quent, <strong>nous vous invitons \u00e0 exprimer avant le 20 novembre vos avis et pr\u00e9occupations via cette enqu\u00eate publique sur le SRC.<\/strong><\/p>\n\n\n\n<p>Vous pouvez d\u00e9poser un avis via la page suivante : <a href=\"http:\/\/www.bretagne.developpement-durable.gouv.fr\/le-projet-de-schema-regional-des-carrieres-src-de-a3849.html\">http:\/\/www.bretagne.developpement-durable.gouv.fr\/le-projet-de-schema-regional-des-carrieres-src-de-a3849.html<\/a><\/p>\n\n\n\n<p>La proc\u00e9dure est extr\u00eamement simple, et il est tr\u00e8s important que nous nous exprimions massivement dans cette enqu\u00eate publique. N&rsquo;h\u00e9sitez donc pas \u00e0 d\u00e9poser un avis !<\/p>\n","protected":false},"excerpt":{"rendered":"<p>L\u2019enqu\u00eate publique concernant le Sch\u00e9ma R\u00e9gional des Carri\u00e8res (SRC) est en cours, et durera jusqu\u2019au 20 novembre 2019. Le SRC est un document d&rsquo;importance capitale pour toute implantation de carri\u00e8re. Par cons\u00e9quent, nous vous invitons \u00e0 exprimer avant le 20 novembre vos avis et pr\u00e9occupations via cette enqu\u00eate publique sur le SRC. Vous pouvez d\u00e9poser &hellip; <a href=\"https:\/\/dpsf35-asso.fr\/index.php\/2019\/11\/05\/enquete-publique-pour-le-schema-regional-des-carrieres\/\" class=\"more-link\">Continuer la lecture de <span class=\"screen-reader-text\">Enqu\u00eate publique pour le Sch\u00e9ma R\u00e9gional des Carri\u00e8res<\/span>  <span class=\"meta-nav\">&rarr;<\/span><\/a><\/p>\n","protected":false},"author":1,"featured_media":0,"comment_status":"closed","ping_status":"closed","sticky":false,"template":"","format":"standard","meta":[],"categories":[5],"tags":[],"_links":{"self":[{"href":"https:\/\/dpsf35-asso.fr\/index.php\/wp-json\/wp\/v2\/posts\/209"}],"collection":[{"href":"https:\/\/dpsf35-asso.fr\/index.php\/wp-json\/wp\/v2\/posts"}],"about":[{"href":"https:\/\/dpsf35-asso.fr\/index.php\/wp-json\/wp\/v2\/types\/post"}],"author":[{"embeddable":true,"href":"https:\/\/dpsf35-asso.fr\/index.php\/wp-json\/wp\/v2\/users\/1"}],"replies":[{"embeddable":true,"href":"https:\/\/dpsf35-asso.fr\/index.php\/wp-json\/wp\/v2\/comments?post=209"}],"version-history":[{"count":1,"href":"https:\/\/dpsf35-asso.fr\/index.php\/wp-json\/wp\/v2\/posts\/209\/revisions"}],"predecessor-version":[{"id":210,"href":"https:\/\/dpsf35-asso.fr\/index.php\/wp-json\/wp\/v2\/posts\/209\/revisions\/210"}],"wp:attachment":[{"href":"https:\/\/dpsf35-asso.fr\/index.php\/wp-json\/wp\/v2\/media?parent=209"}],"wp:term":[{"taxonomy":"category","embeddable":true,"href":"https:\/\/dpsf35-asso.fr\/index.php\/wp-json\/wp\/v2\/categories?post=209"},{"taxonomy":"post_tag","embeddable":true,"href":"https:\/\/dpsf35-asso.fr\/index.php\/wp-json\/wp\/v2\/tags?post=209"}],"curies":[{"name":"wp","href":"https:\/\/api.w.org\/{rel}","templated":true}]}}