{"id":122,"date":"2017-09-12T16:35:10","date_gmt":"2017-09-12T14:35:10","guid":{"rendered":"http:\/\/dpsf35-asso.fr\/?p=122"},"modified":"2020-08-28T15:48:40","modified_gmt":"2020-08-28T13:48:40","slug":"forums-des-associations-de-saint-gilles-et-pace","status":"publish","type":"post","link":"https:\/\/dpsf35-asso.fr\/index.php\/2017\/09\/12\/forums-des-associations-de-saint-gilles-et-pace\/","title":{"rendered":"Forums des associations de Saint Gilles et Pac\u00e9"},"content":{"rendered":"<p>Conform\u00e9ment \u00e0 son r\u00f4le de sensibilisation et d&rsquo;information, notre association \u00e9tait pr\u00e9sente aux forums des associations de Saint Gilles et de Pac\u00e9 les 2 et 9 septembre 2017.<\/p>\n<p>Merci aux personnes qui sont pass\u00e9es sur notre stand !<\/p>\n<p><img loading=\"lazy\" class=\"alignnone  wp-image-123\" src=\"https:\/\/dpsf35-asso.fr\/wp-content\/uploads\/2017\/09\/forum-st-gilles-2017.jpg\" alt=\"\" width=\"525\" height=\"394\" srcset=\"https:\/\/dpsf35-asso.fr\/wp-content\/uploads\/2017\/09\/forum-st-gilles-2017.jpg 3264w, https:\/\/dpsf35-asso.fr\/wp-content\/uploads\/2017\/09\/forum-st-gilles-2017-300x225.jpg 300w, https:\/\/dpsf35-asso.fr\/wp-content\/uploads\/2017\/09\/forum-st-gilles-2017-768x576.jpg 768w, https:\/\/dpsf35-asso.fr\/wp-content\/uploads\/2017\/09\/forum-st-gilles-2017-1024x768.jpg 1024w\" sizes=\"(max-width: 525px) 100vw, 525px\" \/><\/p>\n","protected":false},"excerpt":{"rendered":"<p>Conform\u00e9ment \u00e0 son r\u00f4le de sensibilisation et d&rsquo;information, notre association \u00e9tait pr\u00e9sente aux forums des associations de Saint Gilles et de Pac\u00e9 les 2 et 9 septembre 2017. Merci aux personnes qui sont pass\u00e9es sur notre stand !<\/p>\n","protected":false},"author":1,"featured_media":0,"comment_status":"closed","ping_status":"closed","sticky":false,"template":"","format":"standard","meta":[],"categories":[5],"tags":[],"_links":{"self":[{"href":"https:\/\/dpsf35-asso.fr\/index.php\/wp-json\/wp\/v2\/posts\/122"}],"collection":[{"href":"https:\/\/dpsf35-asso.fr\/index.php\/wp-json\/wp\/v2\/posts"}],"about":[{"href":"https:\/\/dpsf35-asso.fr\/index.php\/wp-json\/wp\/v2\/types\/post"}],"author":[{"embeddable":true,"href":"https:\/\/dpsf35-asso.fr\/index.php\/wp-json\/wp\/v2\/users\/1"}],"replies":[{"embeddable":true,"href":"https:\/\/dpsf35-asso.fr\/index.php\/wp-json\/wp\/v2\/comments?post=122"}],"version-history":[{"count":1,"href":"https:\/\/dpsf35-asso.fr\/index.php\/wp-json\/wp\/v2\/posts\/122\/revisions"}],"predecessor-version":[{"id":124,"href":"https:\/\/dpsf35-asso.fr\/index.php\/wp-json\/wp\/v2\/posts\/122\/revisions\/124"}],"wp:attachment":[{"href":"https:\/\/dpsf35-asso.fr\/index.php\/wp-json\/wp\/v2\/media?parent=122"}],"wp:term":[{"taxonomy":"category","embeddable":true,"href":"https:\/\/dpsf35-asso.fr\/index.php\/wp-json\/wp\/v2\/categories?post=122"},{"taxonomy":"post_tag","embeddable":true,"href":"https:\/\/dpsf35-asso.fr\/index.php\/wp-json\/wp\/v2\/tags?post=122"}],"curies":[{"name":"wp","href":"https:\/\/api.w.org\/{rel}","templated":true}]}}