{"id":117,"date":"2017-09-03T12:15:35","date_gmt":"2017-09-03T10:15:35","guid":{"rendered":"http:\/\/dpsf35-asso.fr\/?p=117"},"modified":"2020-08-28T15:48:40","modified_gmt":"2020-08-28T13:48:40","slug":"10-septembre-2017-balade-autour-de-la-flume","status":"publish","type":"post","link":"https:\/\/dpsf35-asso.fr\/index.php\/2017\/09\/03\/10-septembre-2017-balade-autour-de-la-flume\/","title":{"rendered":"10 septembre 2017 : balade autour de la Flume"},"content":{"rendered":"<p>L&rsquo;association \u00ab\u00a0Les ch\u00eanes de Verg\u00e9al\u00a0\u00bb organise le 10 septembre 2017 de 10h30 \u00e0 12h30 une balade intitul\u00e9e \u00ab\u00a0Et si la Flume m&rsquo;\u00e9tait cont\u00e9e\u00a0\u00bb.<\/p>\n<p>L&rsquo;eau est un enjeu majeur vis-\u00e0-vis du projet de carri\u00e8re et cet \u00e9v\u00e9nement convivial est l&rsquo;occasion de mieux conna\u00eetre la Flume et ses environs.<\/p>\n<p>Information pratiques :<\/p>\n<p><img loading=\"lazy\" class=\"alignnone  wp-image-118\" src=\"https:\/\/dpsf35-asso.fr\/wp-content\/uploads\/2017\/09\/Flume-cont\u00e9e-1.jpg\" alt=\"\" width=\"649\" height=\"962\" srcset=\"https:\/\/dpsf35-asso.fr\/wp-content\/uploads\/2017\/09\/Flume-cont\u00e9e-1.jpg 694w, https:\/\/dpsf35-asso.fr\/wp-content\/uploads\/2017\/09\/Flume-cont\u00e9e-1-202x300.jpg 202w, https:\/\/dpsf35-asso.fr\/wp-content\/uploads\/2017\/09\/Flume-cont\u00e9e-1-691x1024.jpg 691w\" sizes=\"(max-width: 649px) 100vw, 649px\" \/><\/p>\n<p><img loading=\"lazy\" class=\"alignnone size-full wp-image-119\" src=\"https:\/\/dpsf35-asso.fr\/wp-content\/uploads\/2017\/09\/Flume-cont\u00e9e-2.jpg\" alt=\"\" width=\"677\" height=\"983\" srcset=\"https:\/\/dpsf35-asso.fr\/wp-content\/uploads\/2017\/09\/Flume-cont\u00e9e-2.jpg 677w, https:\/\/dpsf35-asso.fr\/wp-content\/uploads\/2017\/09\/Flume-cont\u00e9e-2-207x300.jpg 207w\" sizes=\"(max-width: 677px) 100vw, 677px\" \/><\/p>\n","protected":false},"excerpt":{"rendered":"<p>L&rsquo;association \u00ab\u00a0Les ch\u00eanes de Verg\u00e9al\u00a0\u00bb organise le 10 septembre 2017 de 10h30 \u00e0 12h30 une balade intitul\u00e9e \u00ab\u00a0Et si la Flume m&rsquo;\u00e9tait cont\u00e9e\u00a0\u00bb. L&rsquo;eau est un enjeu majeur vis-\u00e0-vis du projet de carri\u00e8re et cet \u00e9v\u00e9nement convivial est l&rsquo;occasion de mieux conna\u00eetre la Flume et ses environs. Information pratiques :<\/p>\n","protected":false},"author":1,"featured_media":0,"comment_status":"closed","ping_status":"closed","sticky":false,"template":"","format":"standard","meta":[],"categories":[5],"tags":[],"_links":{"self":[{"href":"https:\/\/dpsf35-asso.fr\/index.php\/wp-json\/wp\/v2\/posts\/117"}],"collection":[{"href":"https:\/\/dpsf35-asso.fr\/index.php\/wp-json\/wp\/v2\/posts"}],"about":[{"href":"https:\/\/dpsf35-asso.fr\/index.php\/wp-json\/wp\/v2\/types\/post"}],"author":[{"embeddable":true,"href":"https:\/\/dpsf35-asso.fr\/index.php\/wp-json\/wp\/v2\/users\/1"}],"replies":[{"embeddable":true,"href":"https:\/\/dpsf35-asso.fr\/index.php\/wp-json\/wp\/v2\/comments?post=117"}],"version-history":[{"count":1,"href":"https:\/\/dpsf35-asso.fr\/index.php\/wp-json\/wp\/v2\/posts\/117\/revisions"}],"predecessor-version":[{"id":120,"href":"https:\/\/dpsf35-asso.fr\/index.php\/wp-json\/wp\/v2\/posts\/117\/revisions\/120"}],"wp:attachment":[{"href":"https:\/\/dpsf35-asso.fr\/index.php\/wp-json\/wp\/v2\/media?parent=117"}],"wp:term":[{"taxonomy":"category","embeddable":true,"href":"https:\/\/dpsf35-asso.fr\/index.php\/wp-json\/wp\/v2\/categories?post=117"},{"taxonomy":"post_tag","embeddable":true,"href":"https:\/\/dpsf35-asso.fr\/index.php\/wp-json\/wp\/v2\/tags?post=117"}],"curies":[{"name":"wp","href":"https:\/\/api.w.org\/{rel}","templated":true}]}}