{"id":103,"date":"2017-07-26T12:22:26","date_gmt":"2017-07-26T10:22:26","guid":{"rendered":"http:\/\/dpsf35-asso.fr\/?p=103"},"modified":"2020-08-28T15:48:40","modified_gmt":"2020-08-28T13:48:40","slug":"lettre-dinformation-juillet-2017","status":"publish","type":"post","link":"https:\/\/dpsf35-asso.fr\/index.php\/2017\/07\/26\/lettre-dinformation-juillet-2017\/","title":{"rendered":"Lettre d&rsquo;information juillet 2017"},"content":{"rendered":"<p>Conform\u00e9ment \u00e0 notre engagement lors de la derni\u00e8re AG, nous continuons \u00e0 vous tenir r\u00e9guli\u00e8rement inform\u00e9s de nos actions.<\/p>\n<p>Au sommaire de ce bulletin:<br \/>\n&#8211; Retour sur les \u00e9lections l\u00e9gislatives 2017<br \/>\n&#8211; Date de notre prochaine Assembl\u00e9e G\u00e9n\u00e9rale de Novembre 2017<br \/>\n&#8211; Point sur le PLUi en cours<br \/>\n&#8211; Elaboration du Sch\u00e9ma R\u00e9gional des Carri\u00e8res<br \/>\n&#8211; Pr\u00e9sence au forum des associations en septembre \u00e0 Pac\u00e9 et Saint Gilles<\/p>\n<p>Vous pouvez t\u00e9l\u00e9charger ce bulletin en cliquant sur ce lien : <a href=\"https:\/\/dpsf35-asso.fr\/wp-content\/uploads\/2017\/07\/DPSF-Lettre-info-Juillet-2017.pdf\">DPSF &#8211; Lettre info Juillet 2017<\/a><\/p>\n<p>Le prochain forum des associations sera l&rsquo;occasion d&rsquo;\u00e9changer sur les derni\u00e8res informations. N&rsquo;h\u00e9sitez donc pas \u00e0 venir nous rendre visite !<\/p>\n<p>Bonne lecture !<\/p>\n<p>&nbsp;<\/p>\n<p><img loading=\"lazy\" class=\"alignnone size-full wp-image-107\" src=\"https:\/\/dpsf35-asso.fr\/wp-content\/uploads\/2017\/07\/info2017-1.jpg\" alt=\"\" width=\"651\" height=\"936\" srcset=\"https:\/\/dpsf35-asso.fr\/wp-content\/uploads\/2017\/07\/info2017-1.jpg 651w, https:\/\/dpsf35-asso.fr\/wp-content\/uploads\/2017\/07\/info2017-1-209x300.jpg 209w\" sizes=\"(max-width: 651px) 100vw, 651px\" \/><br \/>\n<img loading=\"lazy\" class=\"alignnone size-full wp-image-108\" src=\"https:\/\/dpsf35-asso.fr\/wp-content\/uploads\/2017\/07\/info2017-2.jpg\" alt=\"\" width=\"642\" height=\"951\" srcset=\"https:\/\/dpsf35-asso.fr\/wp-content\/uploads\/2017\/07\/info2017-2.jpg 642w, https:\/\/dpsf35-asso.fr\/wp-content\/uploads\/2017\/07\/info2017-2-203x300.jpg 203w\" sizes=\"(max-width: 642px) 100vw, 642px\" \/><\/p>\n","protected":false},"excerpt":{"rendered":"<p>Conform\u00e9ment \u00e0 notre engagement lors de la derni\u00e8re AG, nous continuons \u00e0 vous tenir r\u00e9guli\u00e8rement inform\u00e9s de nos actions. Au sommaire de ce bulletin: &#8211; Retour sur les \u00e9lections l\u00e9gislatives 2017 &#8211; Date de notre prochaine Assembl\u00e9e G\u00e9n\u00e9rale de Novembre 2017 &#8211; Point sur le PLUi en cours &#8211; Elaboration du Sch\u00e9ma R\u00e9gional des Carri\u00e8res &hellip; <a href=\"https:\/\/dpsf35-asso.fr\/index.php\/2017\/07\/26\/lettre-dinformation-juillet-2017\/\" class=\"more-link\">Continuer la lecture de <span class=\"screen-reader-text\">Lettre d&rsquo;information juillet 2017<\/span>  <span class=\"meta-nav\">&rarr;<\/span><\/a><\/p>\n","protected":false},"author":1,"featured_media":0,"comment_status":"closed","ping_status":"closed","sticky":false,"template":"","format":"standard","meta":[],"categories":[5],"tags":[],"_links":{"self":[{"href":"https:\/\/dpsf35-asso.fr\/index.php\/wp-json\/wp\/v2\/posts\/103"}],"collection":[{"href":"https:\/\/dpsf35-asso.fr\/index.php\/wp-json\/wp\/v2\/posts"}],"about":[{"href":"https:\/\/dpsf35-asso.fr\/index.php\/wp-json\/wp\/v2\/types\/post"}],"author":[{"embeddable":true,"href":"https:\/\/dpsf35-asso.fr\/index.php\/wp-json\/wp\/v2\/users\/1"}],"replies":[{"embeddable":true,"href":"https:\/\/dpsf35-asso.fr\/index.php\/wp-json\/wp\/v2\/comments?post=103"}],"version-history":[{"count":4,"href":"https:\/\/dpsf35-asso.fr\/index.php\/wp-json\/wp\/v2\/posts\/103\/revisions"}],"predecessor-version":[{"id":113,"href":"https:\/\/dpsf35-asso.fr\/index.php\/wp-json\/wp\/v2\/posts\/103\/revisions\/113"}],"wp:attachment":[{"href":"https:\/\/dpsf35-asso.fr\/index.php\/wp-json\/wp\/v2\/media?parent=103"}],"wp:term":[{"taxonomy":"category","embeddable":true,"href":"https:\/\/dpsf35-asso.fr\/index.php\/wp-json\/wp\/v2\/categories?post=103"},{"taxonomy":"post_tag","embeddable":true,"href":"https:\/\/dpsf35-asso.fr\/index.php\/wp-json\/wp\/v2\/tags?post=103"}],"curies":[{"name":"wp","href":"https:\/\/api.w.org\/{rel}","templated":true}]}}